{"id":26331,"date":"2024-04-10T21:29:38","date_gmt":"2024-04-11T00:29:38","guid":{"rendered":"https:\/\/monte.gob.ar\/cultura\/?p=26331"},"modified":"2024-09-10T13:22:15","modified_gmt":"2024-09-10T16:22:15","slug":"este-fin-de-semana-regresa-el-cine-a-monte","status":"publish","type":"post","link":"https:\/\/monte.gob.ar\/cultura\/este-fin-de-semana-regresa-el-cine-a-monte\/","title":{"rendered":"Este Fin de Semana regresa el Cine a Monte"},"content":{"rendered":"\t\t<div data-elementor-type=\"wp-post\" data-elementor-id=\"26331\" class=\"elementor elementor-26331\" data-elementor-settings=\"[]\">\n\t\t\t<div class=\"elementor-inner\">\n\t\t\t\t<div class=\"elementor-section-wrap\">\n\t\t\t\t\t\t\t<section class=\"elementor-element elementor-element-1adefe8 elementor-section-boxed elementor-section-gap-beside-yes elementor-section-height-default elementor-section-height-default elementor-section-column-vertical-align-stretch elementor-section elementor-top-section\" data-id=\"1adefe8\" data-element_type=\"section\">\n\t\t\t\t\t\t<div class=\"elementor-container elementor-column-gap-extended\">\n\t\t\t\t<div class=\"elementor-row\">\n\t\t\t\t<div class=\"elementor-element elementor-element-b060d8d elementor-column elementor-col-100 elementor-top-column\" data-id=\"b060d8d\" data-element_type=\"column\">\n\t\t\t<div class=\"elementor-column-wrap  elementor-element-populated\">\n\t\t\t\t\t<div class=\"elementor-widget-wrap\">\n\t\t\t\t<div class=\"elementor-element elementor-element-46dd9ea elementor-accordion-style-01 elementor-widget elementor-widget-accordion\" data-id=\"46dd9ea\" data-element_type=\"widget\" data-widget_type=\"accordion.default\">\n\t\t\t\t<div class=\"elementor-widget-container\">\n\t\t\t\t\t<div class=\"elementor-accordion\" role=\"tablist\">\n\t\t\t\t\t\t\t<div class=\"elementor-accordion-item\">\n\t\t\t\t\t<div id=\"elementor-tab-title-7431\" class=\"elementor-tab-title\" data-tab=\"1\" role=\"tab\" aria-controls=\"elementor-tab-content-7431\">\n\t\t\t\t\t\t\t\t\t\t\t\t\t<span class=\"elementor-accordion-icon elementor-accordion-icon-left\" aria-hidden=\"true\">\n\t\t\t\t\t\t\t\t\t\t\t\t\t\t\t<span class=\"elementor-accordion-icon-closed\"><i class=\"fas fa-plus\"><\/i><\/span>\n\t\t\t\t\t\t\t\t<span class=\"elementor-accordion-icon-opened\"><i class=\"fas fa-minus\"><\/i><\/span>\n\t\t\t\t\t\t\t\t\t\t\t\t\t\t<\/span>\n\t\t\t\t\t\t\t\t\t\t\t\t<a class=\"elementor-accordion-title\" href=\"\">\u00a1ESTE FIN DE SEMANA EL CINE REGRESA A MONTE! \ud83c\udfac<\/a>\n\t\t\t\t\t<\/div>\n\t\t\t\t\t<div id=\"elementor-tab-content-7431\" class=\"elementor-tab-content elementor-clearfix\" data-tab=\"1\" role=\"tabpanel\" aria-labelledby=\"elementor-tab-title-7431\"><div class=\"x11i5rnm xat24cr x1mh8g0r x1vvkbs xtlvy1s x126k92a\"><div dir=\"auto\"><span class=\"x3nfvp2 x1j61x8r x1fcty0u xdj266r xhhsvwb xat24cr xgzva0m xxymvpz xlup9mm x1kky2od\"><img decoding=\"async\" loading=\"lazy\" class=\"xz74otr\" src=\"https:\/\/static.xx.fbcdn.net\/images\/emoji.php\/v9\/t31\/1.5\/16\/1f39f.png\" alt=\"\ud83c\udf9f\ufe0f\" width=\"16\" height=\"16\" \/><\/span> Este s\u00e1bado 13 y domingo 14 de abril, preparate para la acci\u00f3n, la aventura y la diversi\u00f3n:<\/div><\/div><div class=\"x11i5rnm xat24cr x1mh8g0r x1vvkbs xtlvy1s x126k92a\"><div dir=\"auto\">\u00a0<\/div><div dir=\"auto\"><span class=\"x3nfvp2 x1j61x8r x1fcty0u xdj266r xhhsvwb xat24cr xgzva0m xxymvpz xlup9mm x1kky2od\"><img decoding=\"async\" loading=\"lazy\" class=\"xz74otr\" src=\"https:\/\/static.xx.fbcdn.net\/images\/emoji.php\/v9\/tb1\/1.5\/16\/1f929.png\" alt=\"\ud83e\udd29\" width=\"16\" height=\"16\" \/><\/span><span class=\"x3nfvp2 x1j61x8r x1fcty0u xdj266r xhhsvwb xat24cr xgzva0m xxymvpz xlup9mm x1kky2od\"><img decoding=\"async\" loading=\"lazy\" class=\"xz74otr\" src=\"https:\/\/static.xx.fbcdn.net\/images\/emoji.php\/v9\/t58\/1.5\/16\/1f3a5.png\" alt=\"\ud83c\udfa5\" width=\"16\" height=\"16\" \/><\/span> No te pierdas \u201cWish\u201d de Disney a las 17hs, seguida de \u201cKung Fu Panda 4\u201d a las 19hs y \u201cJack: El Ascenso\u201d a las 21hs.<\/div><\/div><div class=\"x11i5rnm xat24cr x1mh8g0r x1vvkbs xtlvy1s x126k92a\"><div dir=\"auto\">\u00a0<\/div><div dir=\"auto\"><span class=\"x3nfvp2 x1j61x8r x1fcty0u xdj266r xhhsvwb xat24cr xgzva0m xxymvpz xlup9mm x1kky2od\"><img decoding=\"async\" loading=\"lazy\" class=\"xz74otr\" src=\"https:\/\/static.xx.fbcdn.net\/images\/emoji.php\/v9\/taa\/1.5\/16\/1f449.png\" alt=\"\ud83d\udc49\" width=\"16\" height=\"16\" \/><\/span> <span><a tabindex=\"-1\"><\/a><\/span>El domingo, disfrut\u00e1 de la magia con \u201cPatos\u201d a las 16hs, luego una segunda funci\u00f3n de \u201cKung Fu Panda 4\u201d a las 18hs y termin\u00e1 el d\u00eda con \u201cCazafantasmas: Apocalipsis Fantasma\u201d a las 20hs. <span class=\"x3nfvp2 x1j61x8r x1fcty0u xdj266r xhhsvwb xat24cr xgzva0m xxymvpz xlup9mm x1kky2od\"><img decoding=\"async\" loading=\"lazy\" class=\"xz74otr\" src=\"https:\/\/static.xx.fbcdn.net\/images\/emoji.php\/v9\/te8\/1.5\/16\/1f986.png\" alt=\"\ud83e\udd86\" width=\"16\" height=\"16\" \/><\/span><span class=\"x3nfvp2 x1j61x8r x1fcty0u xdj266r xhhsvwb xat24cr xgzva0m xxymvpz xlup9mm x1kky2od\"><img decoding=\"async\" loading=\"lazy\" class=\"xz74otr\" src=\"https:\/\/static.xx.fbcdn.net\/images\/emoji.php\/v9\/t35\/1.5\/16\/1f43c.png\" alt=\"\ud83d\udc3c\" width=\"16\" height=\"16\" \/><\/span><span class=\"x3nfvp2 x1j61x8r x1fcty0u xdj266r xhhsvwb xat24cr xgzva0m xxymvpz xlup9mm x1kky2od\"><img decoding=\"async\" loading=\"lazy\" class=\"xz74otr\" src=\"https:\/\/static.xx.fbcdn.net\/images\/emoji.php\/v9\/t30\/1.5\/16\/1f47b.png\" alt=\"\ud83d\udc7b\" width=\"16\" height=\"16\" \/><\/span><\/div><\/div><div class=\"x11i5rnm xat24cr x1mh8g0r x1vvkbs xtlvy1s x126k92a\"><div dir=\"auto\">\u00a0<\/div><div dir=\"auto\"><span class=\"x3nfvp2 x1j61x8r x1fcty0u xdj266r xhhsvwb xat24cr xgzva0m xxymvpz xlup9mm x1kky2od\"><img decoding=\"async\" loading=\"lazy\" class=\"xz74otr\" src=\"https:\/\/static.xx.fbcdn.net\/images\/emoji.php\/v9\/tf3\/1.5\/16\/1f37f.png\" alt=\"\ud83c\udf7f\" width=\"16\" height=\"16\" \/><\/span>Valor de la entrada $2.000<\/div><\/div><div class=\"x11i5rnm xat24cr x1mh8g0r x1vvkbs xtlvy1s x126k92a\"><div dir=\"auto\">\u00a1Ven\u00ed y viv\u00ed la emoci\u00f3n del cine en Monte! <span class=\"x3nfvp2 x1j61x8r x1fcty0u xdj266r xhhsvwb xat24cr xgzva0m xxymvpz xlup9mm x1kky2od\"><img decoding=\"async\" loading=\"lazy\" class=\"xz74otr\" src=\"https:\/\/static.xx.fbcdn.net\/images\/emoji.php\/v9\/te5\/1.5\/16\/1f389.png\" alt=\"\ud83c\udf89\" width=\"16\" height=\"16\" \/><\/span><\/div><\/div><\/div>\n\t\t\t\t<\/div>\n\t\t\t\t\t<\/div>\n\t\t\t\t<\/div>\n\t\t\t\t<\/div>\n\t\t\t\t\t\t<\/div>\n\t\t\t<\/div>\n\t\t<\/div>\n\t\t\t\t\t\t<\/div>\n\t\t\t<\/div>\n\t\t<\/section>\n\t\t\t\t<section class=\"elementor-element elementor-element-0eee05d elementor-section-boxed elementor-section-gap-beside-yes elementor-section-height-default elementor-section-height-default elementor-section-column-vertical-align-stretch elementor-section elementor-top-section\" data-id=\"0eee05d\" data-element_type=\"section\">\n\t\t\t\t\t\t<div class=\"elementor-container elementor-column-gap-extended\">\n\t\t\t\t<div class=\"elementor-row\">\n\t\t\t\t<div class=\"elementor-element elementor-element-2327071 elementor-column elementor-col-100 elementor-top-column\" data-id=\"2327071\" data-element_type=\"column\">\n\t\t\t<div class=\"elementor-column-wrap  elementor-element-populated\">\n\t\t\t\t\t<div class=\"elementor-widget-wrap\">\n\t\t\t\t<div class=\"elementor-element elementor-element-8931af4 gallery-spacing-custom elementor-widget elementor-widget-image-gallery\" data-id=\"8931af4\" data-element_type=\"widget\" data-widget_type=\"image-gallery.default\">\n\t\t\t\t<div class=\"elementor-widget-container\">\n\t\t\t\t\t<div class=\"elementor-image-gallery\">\n\t\t\t<div id='gallery-1' class='gallery galleryid-26331 gallery-columns-1 gallery-size-full'><figure class='gallery-item'>\n\t\t\t<div class='gallery-icon portrait'>\n\t\t\t\t<img width=\"1080\" height=\"1350\" src=\"https:\/\/monte.gob.ar\/cultura\/wp-content\/uploads\/2024\/04\/434856928_823830933107313_6163332556186389784_n.jpg\" class=\"attachment-full size-full\" alt=\"\" decoding=\"async\" loading=\"lazy\" srcset=\"https:\/\/monte.gob.ar\/cultura\/wp-content\/uploads\/2024\/04\/434856928_823830933107313_6163332556186389784_n.jpg 1080w, https:\/\/monte.gob.ar\/cultura\/wp-content\/uploads\/2024\/04\/434856928_823830933107313_6163332556186389784_n-240x300.jpg 240w, https:\/\/monte.gob.ar\/cultura\/wp-content\/uploads\/2024\/04\/434856928_823830933107313_6163332556186389784_n-819x1024.jpg 819w, https:\/\/monte.gob.ar\/cultura\/wp-content\/uploads\/2024\/04\/434856928_823830933107313_6163332556186389784_n-768x960.jpg 768w\" sizes=\"(max-width: 1080px) 100vw, 1080px\" \/>\n\t\t\t<\/div><\/figure><figure class='gallery-item'>\n\t\t\t<div class='gallery-icon portrait'>\n\t\t\t\t<img width=\"1080\" height=\"1350\" src=\"https:\/\/monte.gob.ar\/cultura\/wp-content\/uploads\/2024\/04\/434956348_823831249773948_4480034450155417614_n.jpg\" class=\"attachment-full size-full\" alt=\"\" decoding=\"async\" loading=\"lazy\" srcset=\"https:\/\/monte.gob.ar\/cultura\/wp-content\/uploads\/2024\/04\/434956348_823831249773948_4480034450155417614_n.jpg 1080w, https:\/\/monte.gob.ar\/cultura\/wp-content\/uploads\/2024\/04\/434956348_823831249773948_4480034450155417614_n-240x300.jpg 240w, https:\/\/monte.gob.ar\/cultura\/wp-content\/uploads\/2024\/04\/434956348_823831249773948_4480034450155417614_n-819x1024.jpg 819w, https:\/\/monte.gob.ar\/cultura\/wp-content\/uploads\/2024\/04\/434956348_823831249773948_4480034450155417614_n-768x960.jpg 768w\" sizes=\"(max-width: 1080px) 100vw, 1080px\" \/>\n\t\t\t<\/div><\/figure><figure class='gallery-item'>\n\t\t\t<div class='gallery-icon portrait'>\n\t\t\t\t<img width=\"1080\" height=\"1350\" src=\"https:\/\/monte.gob.ar\/cultura\/wp-content\/uploads\/2024\/04\/434863668_823831256440614_8318381190861115607_n.jpg\" class=\"attachment-full size-full\" alt=\"\" decoding=\"async\" loading=\"lazy\" srcset=\"https:\/\/monte.gob.ar\/cultura\/wp-content\/uploads\/2024\/04\/434863668_823831256440614_8318381190861115607_n.jpg 1080w, https:\/\/monte.gob.ar\/cultura\/wp-content\/uploads\/2024\/04\/434863668_823831256440614_8318381190861115607_n-240x300.jpg 240w, https:\/\/monte.gob.ar\/cultura\/wp-content\/uploads\/2024\/04\/434863668_823831256440614_8318381190861115607_n-819x1024.jpg 819w, https:\/\/monte.gob.ar\/cultura\/wp-content\/uploads\/2024\/04\/434863668_823831256440614_8318381190861115607_n-768x960.jpg 768w\" sizes=\"(max-width: 1080px) 100vw, 1080px\" \/>\n\t\t\t<\/div><\/figure><figure class='gallery-item'>\n\t\t\t<div class='gallery-icon portrait'>\n\t\t\t\t<img width=\"1080\" height=\"1350\" src=\"https:\/\/monte.gob.ar\/cultura\/wp-content\/uploads\/2024\/04\/434872202_823831229773950_2983005444192589036_n.jpg\" class=\"attachment-full size-full\" alt=\"\" decoding=\"async\" loading=\"lazy\" srcset=\"https:\/\/monte.gob.ar\/cultura\/wp-content\/uploads\/2024\/04\/434872202_823831229773950_2983005444192589036_n.jpg 1080w, https:\/\/monte.gob.ar\/cultura\/wp-content\/uploads\/2024\/04\/434872202_823831229773950_2983005444192589036_n-240x300.jpg 240w, https:\/\/monte.gob.ar\/cultura\/wp-content\/uploads\/2024\/04\/434872202_823831229773950_2983005444192589036_n-819x1024.jpg 819w, https:\/\/monte.gob.ar\/cultura\/wp-content\/uploads\/2024\/04\/434872202_823831229773950_2983005444192589036_n-768x960.jpg 768w\" sizes=\"(max-width: 1080px) 100vw, 1080px\" \/>\n\t\t\t<\/div><\/figure><figure class='gallery-item'>\n\t\t\t<div class='gallery-icon portrait'>\n\t\t\t\t<img width=\"1080\" height=\"1350\" src=\"https:\/\/monte.gob.ar\/cultura\/wp-content\/uploads\/2024\/04\/434959896_823831273107279_469803484136940801_n.jpg\" class=\"attachment-full size-full\" alt=\"\" decoding=\"async\" loading=\"lazy\" srcset=\"https:\/\/monte.gob.ar\/cultura\/wp-content\/uploads\/2024\/04\/434959896_823831273107279_469803484136940801_n.jpg 1080w, https:\/\/monte.gob.ar\/cultura\/wp-content\/uploads\/2024\/04\/434959896_823831273107279_469803484136940801_n-240x300.jpg 240w, https:\/\/monte.gob.ar\/cultura\/wp-content\/uploads\/2024\/04\/434959896_823831273107279_469803484136940801_n-819x1024.jpg 819w, https:\/\/monte.gob.ar\/cultura\/wp-content\/uploads\/2024\/04\/434959896_823831273107279_469803484136940801_n-768x960.jpg 768w\" sizes=\"(max-width: 1080px) 100vw, 1080px\" \/>\n\t\t\t<\/div><\/figure><figure class='gallery-item'>\n\t\t\t<div class='gallery-icon portrait'>\n\t\t\t\t<img width=\"1080\" height=\"1350\" src=\"https:\/\/monte.gob.ar\/cultura\/wp-content\/uploads\/2024\/04\/434944251_823831259773947_887473820735157918_n.jpg\" class=\"attachment-full size-full\" alt=\"\" decoding=\"async\" loading=\"lazy\" srcset=\"https:\/\/monte.gob.ar\/cultura\/wp-content\/uploads\/2024\/04\/434944251_823831259773947_887473820735157918_n.jpg 1080w, https:\/\/monte.gob.ar\/cultura\/wp-content\/uploads\/2024\/04\/434944251_823831259773947_887473820735157918_n-240x300.jpg 240w, https:\/\/monte.gob.ar\/cultura\/wp-content\/uploads\/2024\/04\/434944251_823831259773947_887473820735157918_n-819x1024.jpg 819w, https:\/\/monte.gob.ar\/cultura\/wp-content\/uploads\/2024\/04\/434944251_823831259773947_887473820735157918_n-768x960.jpg 768w\" sizes=\"(max-width: 1080px) 100vw, 1080px\" \/>\n\t\t\t<\/div><\/figure>\n\t\t<\/div>\n\t\t<\/div>\n\t\t\t\t<\/div>\n\t\t\t\t<\/div>\n\t\t\t\t\t\t<\/div>\n\t\t\t<\/div>\n\t\t<\/div>\n\t\t\t\t\t\t<\/div>\n\t\t\t<\/div>\n\t\t<\/section>\n\t\t\t\t\t\t<\/div>\n\t\t\t<\/div>\n\t\t<\/div>\n\t\t","protected":false},"excerpt":{"rendered":"<p>\u00a1ESTE FIN DE SEMANA EL CINE REGRESA A MONTE! \ud83c\udfac Este s\u00e1bado 13 y domingo 14 de abril, preparate para la acci\u00f3n, la aventura y la diversi\u00f3n:\u00a0 No te pierdas \u201cWish\u201d de Disney a las 17hs, seguida de \u201cKung Fu Panda 4\u201d a las 19hs y \u201cJack: El Ascenso\u201d a las 21hs.\u00a0 El domingo, disfrut\u00e1 de la magia con \u201cPatos\u201d a las 16hs, luego una segunda funci\u00f3n de \u201cKung Fu Panda 4\u201d a las 18hs y termin\u00e1 el d\u00eda con \u201cCazafantasmas: Apocalipsis Fantasma\u201d a las 20hs. \u00a0Valor de la entrada $2.000\u00a1Ven\u00ed y viv\u00ed la emoci\u00f3n del cine en Monte!<\/p>\n","protected":false},"author":1,"featured_media":26333,"comment_status":"open","ping_status":"open","sticky":false,"template":"","format":"standard","meta":[],"categories":[123],"tags":[130],"yoast_head":"<!-- This site is optimized with the Yoast SEO Premium plugin v19.6 (Yoast SEO v20.4) - https:\/\/yoast.com\/wordpress\/plugins\/seo\/ -->\n<title>Este Fin de Semana regresa el Cine a Monte - Cultura.monte | Municipalidad de Monte<\/title>\n<meta name=\"description\" content=\"\ud83e\udd29\ud83c\udfa5 No te pierdas \u201cWish\u201d de Disney a las 17hs, seguida de \u201cKung Fu Panda 4\u201d a las 19hs y \u201cJack: El Ascenso\u201d a las 21hs.\" \/>\n<meta name=\"robots\" content=\"index, follow, max-snippet:-1, max-image-preview:large, max-video-preview:-1\" \/>\n<link rel=\"canonical\" href=\"https:\/\/monte.gob.ar\/cultura\/este-fin-de-semana-regresa-el-cine-a-monte\/\" \/>\n<meta property=\"og:locale\" content=\"es_ES\" \/>\n<meta property=\"og:type\" content=\"article\" \/>\n<meta property=\"og:title\" content=\"Este Fin de Semana regresa el Cine a Monte\" \/>\n<meta property=\"og:description\" content=\"\ud83e\udd29\ud83c\udfa5 No te pierdas \u201cWish\u201d de Disney a las 17hs, seguida de \u201cKung Fu Panda 4\u201d a las 19hs y \u201cJack: El Ascenso\u201d a las 21hs.\" \/>\n<meta property=\"og:url\" content=\"https:\/\/monte.gob.ar\/cultura\/este-fin-de-semana-regresa-el-cine-a-monte\/\" \/>\n<meta property=\"og:site_name\" content=\"Cultura.monte | Municipalidad de Monte\" \/>\n<meta property=\"article:publisher\" content=\"https:\/\/www.facebook.com\/cultura.enriqueuzal\/\" \/>\n<meta property=\"article:published_time\" content=\"2024-04-11T00:29:38+00:00\" \/>\n<meta property=\"article:modified_time\" content=\"2024-09-10T16:22:15+00:00\" \/>\n<meta property=\"og:image\" content=\"https:\/\/monte.gob.ar\/cultura\/wp-content\/uploads\/2024\/04\/434856928_823830933107313_6163332556186389784_n.jpg\" \/>\n\t<meta property=\"og:image:width\" content=\"1080\" \/>\n\t<meta property=\"og:image:height\" content=\"1350\" \/>\n\t<meta property=\"og:image:type\" content=\"image\/jpeg\" \/>\n<meta name=\"author\" content=\"cultura\" \/>\n<meta name=\"twitter:card\" content=\"summary_large_image\" \/>\n<meta name=\"twitter:label1\" content=\"Escrito por\" \/>\n\t<meta name=\"twitter:data1\" content=\"cultura\" \/>\n\t<meta name=\"twitter:label2\" content=\"Tiempo de lectura\" \/>\n\t<meta name=\"twitter:data2\" content=\"4 minutos\" \/>\n<script type=\"application\/ld+json\" class=\"yoast-schema-graph\">{\"@context\":\"https:\/\/schema.org\",\"@graph\":[{\"@type\":\"WebPage\",\"@id\":\"https:\/\/monte.gob.ar\/cultura\/este-fin-de-semana-regresa-el-cine-a-monte\/\",\"url\":\"https:\/\/monte.gob.ar\/cultura\/este-fin-de-semana-regresa-el-cine-a-monte\/\",\"name\":\"Este Fin de Semana regresa el Cine a Monte - Cultura.monte | Municipalidad de Monte\",\"isPartOf\":{\"@id\":\"https:\/\/monte.gob.ar\/cultura\/#website\"},\"datePublished\":\"2024-04-11T00:29:38+00:00\",\"dateModified\":\"2024-09-10T16:22:15+00:00\",\"author\":{\"@id\":\"https:\/\/monte.gob.ar\/cultura\/#\/schema\/person\/6177b51bc84c496bee5c32f372c9b1c3\"},\"description\":\"\ud83e\udd29\ud83c\udfa5 No te pierdas \u201cWish\u201d de Disney a las 17hs, seguida de \u201cKung Fu Panda 4\u201d a las 19hs y \u201cJack: El Ascenso\u201d a las 21hs.\",\"breadcrumb\":{\"@id\":\"https:\/\/monte.gob.ar\/cultura\/este-fin-de-semana-regresa-el-cine-a-monte\/#breadcrumb\"},\"inLanguage\":\"es\",\"potentialAction\":[{\"@type\":\"ReadAction\",\"target\":[\"https:\/\/monte.gob.ar\/cultura\/este-fin-de-semana-regresa-el-cine-a-monte\/\"]}]},{\"@type\":\"BreadcrumbList\",\"@id\":\"https:\/\/monte.gob.ar\/cultura\/este-fin-de-semana-regresa-el-cine-a-monte\/#breadcrumb\",\"itemListElement\":[{\"@type\":\"ListItem\",\"position\":1,\"name\":\"Portada\",\"item\":\"https:\/\/monte.gob.ar\/cultura\/\"},{\"@type\":\"ListItem\",\"position\":2,\"name\":\"Este Fin de Semana regresa el Cine a Monte\"}]},{\"@type\":\"WebSite\",\"@id\":\"https:\/\/monte.gob.ar\/cultura\/#website\",\"url\":\"https:\/\/monte.gob.ar\/cultura\/\",\"name\":\"Cultura.monte | Municipalidad de Monte\",\"description\":\"Direcci\u00f3n de Cultura de la Municipalidad de Monte\",\"potentialAction\":[{\"@type\":\"SearchAction\",\"target\":{\"@type\":\"EntryPoint\",\"urlTemplate\":\"https:\/\/monte.gob.ar\/cultura\/?s={search_term_string}\"},\"query-input\":\"required name=search_term_string\"}],\"inLanguage\":\"es\"},{\"@type\":\"Person\",\"@id\":\"https:\/\/monte.gob.ar\/cultura\/#\/schema\/person\/6177b51bc84c496bee5c32f372c9b1c3\",\"name\":\"cultura\",\"image\":{\"@type\":\"ImageObject\",\"inLanguage\":\"es\",\"@id\":\"https:\/\/monte.gob.ar\/cultura\/#\/schema\/person\/image\/\",\"url\":\"https:\/\/secure.gravatar.com\/avatar\/a416b73acd62d157acc0bab042602ad2?s=96&d=mm&r=g\",\"contentUrl\":\"https:\/\/secure.gravatar.com\/avatar\/a416b73acd62d157acc0bab042602ad2?s=96&d=mm&r=g\",\"caption\":\"cultura\"},\"sameAs\":[\"https:\/\/monte.gob.ar\/cultura\"],\"url\":\"https:\/\/monte.gob.ar\/cultura\/author\/cultura\/\"}]}<\/script>\n<!-- \/ Yoast SEO Premium plugin. -->","yoast_head_json":{"title":"Este Fin de Semana regresa el Cine a Monte - Cultura.monte | Municipalidad de Monte","description":"\ud83e\udd29\ud83c\udfa5 No te pierdas \u201cWish\u201d de Disney a las 17hs, seguida de \u201cKung Fu Panda 4\u201d a las 19hs y \u201cJack: El Ascenso\u201d a las 21hs.","robots":{"index":"index","follow":"follow","max-snippet":"max-snippet:-1","max-image-preview":"max-image-preview:large","max-video-preview":"max-video-preview:-1"},"canonical":"https:\/\/monte.gob.ar\/cultura\/este-fin-de-semana-regresa-el-cine-a-monte\/","og_locale":"es_ES","og_type":"article","og_title":"Este Fin de Semana regresa el Cine a Monte","og_description":"\ud83e\udd29\ud83c\udfa5 No te pierdas \u201cWish\u201d de Disney a las 17hs, seguida de \u201cKung Fu Panda 4\u201d a las 19hs y \u201cJack: El Ascenso\u201d a las 21hs.","og_url":"https:\/\/monte.gob.ar\/cultura\/este-fin-de-semana-regresa-el-cine-a-monte\/","og_site_name":"Cultura.monte | Municipalidad de Monte","article_publisher":"https:\/\/www.facebook.com\/cultura.enriqueuzal\/","article_published_time":"2024-04-11T00:29:38+00:00","article_modified_time":"2024-09-10T16:22:15+00:00","og_image":[{"width":1080,"height":1350,"url":"https:\/\/monte.gob.ar\/cultura\/wp-content\/uploads\/2024\/04\/434856928_823830933107313_6163332556186389784_n.jpg","type":"image\/jpeg"}],"author":"cultura","twitter_card":"summary_large_image","twitter_misc":{"Escrito por":"cultura","Tiempo de lectura":"4 minutos"},"schema":{"@context":"https:\/\/schema.org","@graph":[{"@type":"WebPage","@id":"https:\/\/monte.gob.ar\/cultura\/este-fin-de-semana-regresa-el-cine-a-monte\/","url":"https:\/\/monte.gob.ar\/cultura\/este-fin-de-semana-regresa-el-cine-a-monte\/","name":"Este Fin de Semana regresa el Cine a Monte - Cultura.monte | Municipalidad de Monte","isPartOf":{"@id":"https:\/\/monte.gob.ar\/cultura\/#website"},"datePublished":"2024-04-11T00:29:38+00:00","dateModified":"2024-09-10T16:22:15+00:00","author":{"@id":"https:\/\/monte.gob.ar\/cultura\/#\/schema\/person\/6177b51bc84c496bee5c32f372c9b1c3"},"description":"\ud83e\udd29\ud83c\udfa5 No te pierdas \u201cWish\u201d de Disney a las 17hs, seguida de \u201cKung Fu Panda 4\u201d a las 19hs y \u201cJack: El Ascenso\u201d a las 21hs.","breadcrumb":{"@id":"https:\/\/monte.gob.ar\/cultura\/este-fin-de-semana-regresa-el-cine-a-monte\/#breadcrumb"},"inLanguage":"es","potentialAction":[{"@type":"ReadAction","target":["https:\/\/monte.gob.ar\/cultura\/este-fin-de-semana-regresa-el-cine-a-monte\/"]}]},{"@type":"BreadcrumbList","@id":"https:\/\/monte.gob.ar\/cultura\/este-fin-de-semana-regresa-el-cine-a-monte\/#breadcrumb","itemListElement":[{"@type":"ListItem","position":1,"name":"Portada","item":"https:\/\/monte.gob.ar\/cultura\/"},{"@type":"ListItem","position":2,"name":"Este Fin de Semana regresa el Cine a Monte"}]},{"@type":"WebSite","@id":"https:\/\/monte.gob.ar\/cultura\/#website","url":"https:\/\/monte.gob.ar\/cultura\/","name":"Cultura.monte | Municipalidad de Monte","description":"Direcci\u00f3n de Cultura de la Municipalidad de Monte","potentialAction":[{"@type":"SearchAction","target":{"@type":"EntryPoint","urlTemplate":"https:\/\/monte.gob.ar\/cultura\/?s={search_term_string}"},"query-input":"required name=search_term_string"}],"inLanguage":"es"},{"@type":"Person","@id":"https:\/\/monte.gob.ar\/cultura\/#\/schema\/person\/6177b51bc84c496bee5c32f372c9b1c3","name":"cultura","image":{"@type":"ImageObject","inLanguage":"es","@id":"https:\/\/monte.gob.ar\/cultura\/#\/schema\/person\/image\/","url":"https:\/\/secure.gravatar.com\/avatar\/a416b73acd62d157acc0bab042602ad2?s=96&d=mm&r=g","contentUrl":"https:\/\/secure.gravatar.com\/avatar\/a416b73acd62d157acc0bab042602ad2?s=96&d=mm&r=g","caption":"cultura"},"sameAs":["https:\/\/monte.gob.ar\/cultura"],"url":"https:\/\/monte.gob.ar\/cultura\/author\/cultura\/"}]}},"_links":{"self":[{"href":"https:\/\/monte.gob.ar\/cultura\/api\/wp\/v2\/posts\/26331"}],"collection":[{"href":"https:\/\/monte.gob.ar\/cultura\/api\/wp\/v2\/posts"}],"about":[{"href":"https:\/\/monte.gob.ar\/cultura\/api\/wp\/v2\/types\/post"}],"author":[{"embeddable":true,"href":"https:\/\/monte.gob.ar\/cultura\/api\/wp\/v2\/users\/1"}],"replies":[{"embeddable":true,"href":"https:\/\/monte.gob.ar\/cultura\/api\/wp\/v2\/comments?post=26331"}],"version-history":[{"count":2,"href":"https:\/\/monte.gob.ar\/cultura\/api\/wp\/v2\/posts\/26331\/revisions"}],"predecessor-version":[{"id":26340,"href":"https:\/\/monte.gob.ar\/cultura\/api\/wp\/v2\/posts\/26331\/revisions\/26340"}],"wp:featuredmedia":[{"embeddable":true,"href":"https:\/\/monte.gob.ar\/cultura\/api\/wp\/v2\/media\/26333"}],"wp:attachment":[{"href":"https:\/\/monte.gob.ar\/cultura\/api\/wp\/v2\/media?parent=26331"}],"wp:term":[{"taxonomy":"category","embeddable":true,"href":"https:\/\/monte.gob.ar\/cultura\/api\/wp\/v2\/categories?post=26331"},{"taxonomy":"post_tag","embeddable":true,"href":"https:\/\/monte.gob.ar\/cultura\/api\/wp\/v2\/tags?post=26331"}],"curies":[{"name":"wp","href":"https:\/\/api.w.org\/{rel}","templated":true}]}}