{"id":26309,"date":"2023-10-26T14:02:06","date_gmt":"2023-10-26T17:02:06","guid":{"rendered":"https:\/\/monte.gob.ar\/cultura\/?p=26309"},"modified":"2023-10-26T14:03:21","modified_gmt":"2023-10-26T17:03:21","slug":"continua-la-temporada-teatral-con-entre-tangos-y-autores","status":"publish","type":"post","link":"https:\/\/monte.gob.ar\/cultura\/continua-la-temporada-teatral-con-entre-tangos-y-autores\/","title":{"rendered":"Contin\u00faa la temporada teatral con \u00abEntre Tangos y Autores\u00bb"},"content":{"rendered":"\t\t<div data-elementor-type=\"wp-post\" data-elementor-id=\"26309\" class=\"elementor elementor-26309\" data-elementor-settings=\"[]\">\n\t\t\t<div class=\"elementor-inner\">\n\t\t\t\t<div class=\"elementor-section-wrap\">\n\t\t\t\t\t\t\t<section class=\"elementor-element elementor-element-75c01d3 elementor-section-boxed elementor-section-gap-beside-yes elementor-section-height-default elementor-section-height-default elementor-section-column-vertical-align-stretch elementor-section elementor-top-section\" data-id=\"75c01d3\" data-element_type=\"section\">\n\t\t\t\t\t\t<div class=\"elementor-container elementor-column-gap-extended\">\n\t\t\t\t<div class=\"elementor-row\">\n\t\t\t\t<div class=\"elementor-element elementor-element-4501f4a elementor-column elementor-col-100 elementor-top-column\" data-id=\"4501f4a\" data-element_type=\"column\">\n\t\t\t<div class=\"elementor-column-wrap  elementor-element-populated\">\n\t\t\t\t\t<div class=\"elementor-widget-wrap\">\n\t\t\t\t<div class=\"elementor-element elementor-element-9a864d5 elementor-accordion-style-01 elementor-widget elementor-widget-accordion\" data-id=\"9a864d5\" data-element_type=\"widget\" data-widget_type=\"accordion.default\">\n\t\t\t\t<div class=\"elementor-widget-container\">\n\t\t\t\t\t<div class=\"elementor-accordion\" role=\"tablist\">\n\t\t\t\t\t\t\t<div class=\"elementor-accordion-item\">\n\t\t\t\t\t<div id=\"elementor-tab-title-1621\" class=\"elementor-tab-title\" data-tab=\"1\" role=\"tab\" aria-controls=\"elementor-tab-content-1621\">\n\t\t\t\t\t\t\t\t\t\t\t\t\t<span class=\"elementor-accordion-icon elementor-accordion-icon-left\" aria-hidden=\"true\">\n\t\t\t\t\t\t\t\t\t\t\t\t\t\t\t<span class=\"elementor-accordion-icon-closed\"><i class=\"fal fa-plus\"><\/i><\/span>\n\t\t\t\t\t\t\t\t<span class=\"elementor-accordion-icon-opened\"><i class=\"fal fa-minus\"><\/i><\/span>\n\t\t\t\t\t\t\t\t\t\t\t\t\t\t<\/span>\n\t\t\t\t\t\t\t\t\t\t\t\t<a class=\"elementor-accordion-title\" href=\"\">\ud83c\udfad \u00a1CONTIN\u00daA LA TEMPORADA TEATRAL EN EL CENTRO CULTURAL!<\/a>\n\t\t\t\t\t<\/div>\n\t\t\t\t\t<div id=\"elementor-tab-content-1621\" class=\"elementor-tab-content elementor-clearfix\" data-tab=\"1\" role=\"tabpanel\" aria-labelledby=\"elementor-tab-title-1621\"><p><span class=\"x3nfvp2 x1j61x8r x1fcty0u xdj266r xhhsvwb xat24cr xgzva0m xxymvpz xlup9mm x1kky2od\"><img decoding=\"async\" loading=\"lazy\" class=\"xz74otr\" src=\"https:\/\/static.xx.fbcdn.net\/images\/emoji.php\/v9\/t20\/1.5\/16\/1f483.png\" alt=\"\ud83d\udc83\" width=\"16\" height=\"16\" \/><\/span>\u00a0Llega \u00abEntre Tangos y Autores\u00bb; un compendio de valses, milongas y tangos, repasando la biograf\u00eda de autores como Homero Manzi, Enrique Cad\u00edcamo, Enrique Santos Disc\u00e9polo hasta llegar a Astor Piazzolla y Eladia Bl\u00e1zquez. De la mano de Lili Giandon y Alberto Lara.<br \/><br \/><span class=\"x3nfvp2 x1j61x8r x1fcty0u xdj266r xhhsvwb xat24cr xgzva0m xxymvpz xlup9mm x1kky2od\"><img decoding=\"async\" loading=\"lazy\" class=\"xz74otr\" src=\"https:\/\/static.xx.fbcdn.net\/images\/emoji.php\/v9\/t20\/1.5\/16\/1f483.png\" alt=\"\ud83d\udc83\" width=\"16\" height=\"16\" \/><\/span>\u00a0Acompa\u00f1an con su baile las parejas Camila Brandan junto a Juan Balsamello y Caro Gamarra junto a Enrique Biscaldi.<br \/><br \/><span class=\"x3nfvp2 x1j61x8r x1fcty0u xdj266r xhhsvwb xat24cr xgzva0m xxymvpz xlup9mm x1kky2od\"><img decoding=\"async\" loading=\"lazy\" class=\"xz74otr\" src=\"https:\/\/static.xx.fbcdn.net\/images\/emoji.php\/v9\/t58\/1.5\/16\/1f4c6.png\" alt=\"\ud83d\udcc6\" width=\"16\" height=\"16\" \/><\/span>\u00a0S\u00e1bado 28 de octubre | 21hs<br \/><span class=\"x3nfvp2 x1j61x8r x1fcty0u xdj266r xhhsvwb xat24cr xgzva0m xxymvpz xlup9mm x1kky2od\"><img decoding=\"async\" loading=\"lazy\" class=\"xz74otr\" src=\"https:\/\/static.xx.fbcdn.net\/images\/emoji.php\/v9\/t5\/1.5\/16\/1f4cc.png\" alt=\"\ud83d\udccc\" width=\"16\" height=\"16\" \/><\/span>\u00a0Centro Cultural Enrique Uzal<br \/><br \/><span class=\"x3nfvp2 x1j61x8r x1fcty0u xdj266r xhhsvwb xat24cr xgzva0m xxymvpz xlup9mm x1kky2od\"><img decoding=\"async\" loading=\"lazy\" class=\"xz74otr\" src=\"https:\/\/static.xx.fbcdn.net\/images\/emoji.php\/v9\/t5c\/1.5\/16\/1f9e7.png\" alt=\"\ud83e\udde7\" width=\"16\" height=\"16\" \/><\/span>\u00a1ENTRADA LIBRE Y GRATUITA!<\/p><\/div>\n\t\t\t\t<\/div>\n\t\t\t\t\t<\/div>\n\t\t\t\t<\/div>\n\t\t\t\t<\/div>\n\t\t\t\t\t\t<\/div>\n\t\t\t<\/div>\n\t\t<\/div>\n\t\t\t\t\t\t<\/div>\n\t\t\t<\/div>\n\t\t<\/section>\n\t\t\t\t<section class=\"elementor-element elementor-element-0bace27 elementor-section-boxed elementor-section-gap-beside-yes elementor-section-height-default elementor-section-height-default elementor-section-column-vertical-align-stretch elementor-section elementor-top-section\" data-id=\"0bace27\" data-element_type=\"section\">\n\t\t\t\t\t\t<div class=\"elementor-container elementor-column-gap-extended\">\n\t\t\t\t<div class=\"elementor-row\">\n\t\t\t\t<div class=\"elementor-element elementor-element-ccb1a5e elementor-column elementor-col-100 elementor-top-column\" data-id=\"ccb1a5e\" data-element_type=\"column\">\n\t\t\t<div class=\"elementor-column-wrap  elementor-element-populated\">\n\t\t\t\t\t<div class=\"elementor-widget-wrap\">\n\t\t\t\t<div class=\"elementor-element elementor-element-db72383 elementor-widget elementor-widget-image\" data-id=\"db72383\" data-element_type=\"widget\" data-widget_type=\"image.default\">\n\t\t\t\t<div class=\"elementor-widget-container\">\n\t\t\t\t\t<div class=\"elementor-image\">\n\t\t\t\t\t\t\t\t\t\t<img width=\"1335\" height=\"1600\" src=\"https:\/\/monte.gob.ar\/cultura\/wp-content\/uploads\/2023\/10\/395289363_721223786701362_1081136084421152724_n.jpg\" class=\"attachment-full size-full\" alt=\"\" decoding=\"async\" loading=\"lazy\" srcset=\"https:\/\/monte.gob.ar\/cultura\/wp-content\/uploads\/2023\/10\/395289363_721223786701362_1081136084421152724_n.jpg 1335w, https:\/\/monte.gob.ar\/cultura\/wp-content\/uploads\/2023\/10\/395289363_721223786701362_1081136084421152724_n-250x300.jpg 250w, https:\/\/monte.gob.ar\/cultura\/wp-content\/uploads\/2023\/10\/395289363_721223786701362_1081136084421152724_n-854x1024.jpg 854w, https:\/\/monte.gob.ar\/cultura\/wp-content\/uploads\/2023\/10\/395289363_721223786701362_1081136084421152724_n-768x920.jpg 768w, https:\/\/monte.gob.ar\/cultura\/wp-content\/uploads\/2023\/10\/395289363_721223786701362_1081136084421152724_n-1282x1536.jpg 1282w\" sizes=\"(max-width: 1335px) 100vw, 1335px\" \/>\t\t\t\t\t\t\t\t\t\t\t<\/div>\n\t\t\t\t<\/div>\n\t\t\t\t<\/div>\n\t\t\t\t\t\t<\/div>\n\t\t\t<\/div>\n\t\t<\/div>\n\t\t\t\t\t\t<\/div>\n\t\t\t<\/div>\n\t\t<\/section>\n\t\t\t\t\t\t<\/div>\n\t\t\t<\/div>\n\t\t<\/div>\n\t\t","protected":false},"excerpt":{"rendered":"<p>\ud83c\udfad \u00a1CONTIN\u00daA LA TEMPORADA TEATRAL EN EL CENTRO CULTURAL! \u00a0Llega \u00abEntre Tangos y Autores\u00bb; un compendio de valses, milongas y tangos, repasando la biograf\u00eda de autores como Homero Manzi, Enrique Cad\u00edcamo, Enrique Santos Disc\u00e9polo hasta llegar a Astor Piazzolla y Eladia Bl\u00e1zquez. De la mano de Lili Giandon y Alberto Lara. \u00a0Acompa\u00f1an con su baile las parejas Camila Brandan junto a Juan Balsamello y Caro Gamarra junto a Enrique Biscaldi. \u00a0S\u00e1bado 28 de octubre | 21hs \u00a0Centro Cultural Enrique Uzal \u00a1ENTRADA LIBRE Y GRATUITA!<\/p>\n","protected":false},"author":1,"featured_media":26311,"comment_status":"open","ping_status":"open","sticky":false,"template":"","format":"standard","meta":[],"categories":[123],"tags":[],"yoast_head":"<!-- This site is optimized with the Yoast SEO Premium plugin v19.6 (Yoast SEO v20.4) - https:\/\/yoast.com\/wordpress\/plugins\/seo\/ -->\n<title>Contin\u00faa la temporada teatral con &quot;Entre Tangos y Autores&quot; - Cultura.monte | Municipalidad de Monte<\/title>\n<meta name=\"description\" content=\"\ud83d\udc83 Llega &quot;Entre Tangos y Autores&quot;; un compendio de valses, milongas y tangos, repasando la biograf\u00eda de autores como Homero Manzi, Enrique Cad\u00edcamo, Enrique Santos Disc\u00e9polo hasta llegar a Astor Piazzolla y Eladia Bl\u00e1zquez. De la mano de Lili Giandon y Alberto Lara.\" \/>\n<meta name=\"robots\" content=\"index, follow, max-snippet:-1, max-image-preview:large, max-video-preview:-1\" \/>\n<link rel=\"canonical\" href=\"https:\/\/monte.gob.ar\/cultura\/continua-la-temporada-teatral-con-entre-tangos-y-autores\/\" \/>\n<meta property=\"og:locale\" content=\"es_ES\" \/>\n<meta property=\"og:type\" content=\"article\" \/>\n<meta property=\"og:title\" content=\"Contin\u00faa la temporada teatral con &quot;Entre Tangos y Autores&quot;\" \/>\n<meta property=\"og:description\" content=\"\ud83d\udc83 Llega &quot;Entre Tangos y Autores&quot;; un compendio de valses, milongas y tangos, repasando la biograf\u00eda de autores como Homero Manzi, Enrique Cad\u00edcamo, Enrique Santos Disc\u00e9polo hasta llegar a Astor Piazzolla y Eladia Bl\u00e1zquez. De la mano de Lili Giandon y Alberto Lara.\" \/>\n<meta property=\"og:url\" content=\"https:\/\/monte.gob.ar\/cultura\/continua-la-temporada-teatral-con-entre-tangos-y-autores\/\" \/>\n<meta property=\"og:site_name\" content=\"Cultura.monte | Municipalidad de Monte\" \/>\n<meta property=\"article:publisher\" content=\"https:\/\/www.facebook.com\/cultura.enriqueuzal\/\" \/>\n<meta property=\"article:published_time\" content=\"2023-10-26T17:02:06+00:00\" \/>\n<meta property=\"article:modified_time\" content=\"2023-10-26T17:03:21+00:00\" \/>\n<meta property=\"og:image\" content=\"https:\/\/monte.gob.ar\/cultura\/wp-content\/uploads\/2023\/10\/395289363_721223786701362_1081136084421152724_n.jpg\" \/>\n\t<meta property=\"og:image:width\" content=\"1335\" \/>\n\t<meta property=\"og:image:height\" content=\"1600\" \/>\n\t<meta property=\"og:image:type\" content=\"image\/jpeg\" \/>\n<meta name=\"author\" content=\"cultura\" \/>\n<meta name=\"twitter:card\" content=\"summary_large_image\" \/>\n<meta name=\"twitter:label1\" content=\"Escrito por\" \/>\n\t<meta name=\"twitter:data1\" content=\"cultura\" \/>\n\t<meta name=\"twitter:label2\" content=\"Tiempo de lectura\" \/>\n\t<meta name=\"twitter:data2\" content=\"2 minutos\" \/>\n<script type=\"application\/ld+json\" class=\"yoast-schema-graph\">{\"@context\":\"https:\/\/schema.org\",\"@graph\":[{\"@type\":\"WebPage\",\"@id\":\"https:\/\/monte.gob.ar\/cultura\/continua-la-temporada-teatral-con-entre-tangos-y-autores\/\",\"url\":\"https:\/\/monte.gob.ar\/cultura\/continua-la-temporada-teatral-con-entre-tangos-y-autores\/\",\"name\":\"Contin\u00faa la temporada teatral con \\\"Entre Tangos y Autores\\\" - Cultura.monte | Municipalidad de Monte\",\"isPartOf\":{\"@id\":\"https:\/\/monte.gob.ar\/cultura\/#website\"},\"datePublished\":\"2023-10-26T17:02:06+00:00\",\"dateModified\":\"2023-10-26T17:03:21+00:00\",\"author\":{\"@id\":\"https:\/\/monte.gob.ar\/cultura\/#\/schema\/person\/6177b51bc84c496bee5c32f372c9b1c3\"},\"description\":\"\ud83d\udc83 Llega \\\"Entre Tangos y Autores\\\"; un compendio de valses, milongas y tangos, repasando la biograf\u00eda de autores como Homero Manzi, Enrique Cad\u00edcamo, Enrique Santos Disc\u00e9polo hasta llegar a Astor Piazzolla y Eladia Bl\u00e1zquez. De la mano de Lili Giandon y Alberto Lara.\",\"breadcrumb\":{\"@id\":\"https:\/\/monte.gob.ar\/cultura\/continua-la-temporada-teatral-con-entre-tangos-y-autores\/#breadcrumb\"},\"inLanguage\":\"es\",\"potentialAction\":[{\"@type\":\"ReadAction\",\"target\":[\"https:\/\/monte.gob.ar\/cultura\/continua-la-temporada-teatral-con-entre-tangos-y-autores\/\"]}]},{\"@type\":\"BreadcrumbList\",\"@id\":\"https:\/\/monte.gob.ar\/cultura\/continua-la-temporada-teatral-con-entre-tangos-y-autores\/#breadcrumb\",\"itemListElement\":[{\"@type\":\"ListItem\",\"position\":1,\"name\":\"Portada\",\"item\":\"https:\/\/monte.gob.ar\/cultura\/\"},{\"@type\":\"ListItem\",\"position\":2,\"name\":\"Contin\u00faa la temporada teatral con \u00abEntre Tangos y Autores\u00bb\"}]},{\"@type\":\"WebSite\",\"@id\":\"https:\/\/monte.gob.ar\/cultura\/#website\",\"url\":\"https:\/\/monte.gob.ar\/cultura\/\",\"name\":\"Cultura.monte | Municipalidad de Monte\",\"description\":\"Direcci\u00f3n de Cultura de la Municipalidad de Monte\",\"potentialAction\":[{\"@type\":\"SearchAction\",\"target\":{\"@type\":\"EntryPoint\",\"urlTemplate\":\"https:\/\/monte.gob.ar\/cultura\/?s={search_term_string}\"},\"query-input\":\"required name=search_term_string\"}],\"inLanguage\":\"es\"},{\"@type\":\"Person\",\"@id\":\"https:\/\/monte.gob.ar\/cultura\/#\/schema\/person\/6177b51bc84c496bee5c32f372c9b1c3\",\"name\":\"cultura\",\"image\":{\"@type\":\"ImageObject\",\"inLanguage\":\"es\",\"@id\":\"https:\/\/monte.gob.ar\/cultura\/#\/schema\/person\/image\/\",\"url\":\"https:\/\/secure.gravatar.com\/avatar\/a416b73acd62d157acc0bab042602ad2?s=96&d=mm&r=g\",\"contentUrl\":\"https:\/\/secure.gravatar.com\/avatar\/a416b73acd62d157acc0bab042602ad2?s=96&d=mm&r=g\",\"caption\":\"cultura\"},\"sameAs\":[\"https:\/\/monte.gob.ar\/cultura\"],\"url\":\"https:\/\/monte.gob.ar\/cultura\/author\/cultura\/\"}]}<\/script>\n<!-- \/ Yoast SEO Premium plugin. -->","yoast_head_json":{"title":"Contin\u00faa la temporada teatral con \"Entre Tangos y Autores\" - Cultura.monte | Municipalidad de Monte","description":"\ud83d\udc83 Llega \"Entre Tangos y Autores\"; un compendio de valses, milongas y tangos, repasando la biograf\u00eda de autores como Homero Manzi, Enrique Cad\u00edcamo, Enrique Santos Disc\u00e9polo hasta llegar a Astor Piazzolla y Eladia Bl\u00e1zquez. De la mano de Lili Giandon y Alberto Lara.","robots":{"index":"index","follow":"follow","max-snippet":"max-snippet:-1","max-image-preview":"max-image-preview:large","max-video-preview":"max-video-preview:-1"},"canonical":"https:\/\/monte.gob.ar\/cultura\/continua-la-temporada-teatral-con-entre-tangos-y-autores\/","og_locale":"es_ES","og_type":"article","og_title":"Contin\u00faa la temporada teatral con \"Entre Tangos y Autores\"","og_description":"\ud83d\udc83 Llega \"Entre Tangos y Autores\"; un compendio de valses, milongas y tangos, repasando la biograf\u00eda de autores como Homero Manzi, Enrique Cad\u00edcamo, Enrique Santos Disc\u00e9polo hasta llegar a Astor Piazzolla y Eladia Bl\u00e1zquez. De la mano de Lili Giandon y Alberto Lara.","og_url":"https:\/\/monte.gob.ar\/cultura\/continua-la-temporada-teatral-con-entre-tangos-y-autores\/","og_site_name":"Cultura.monte | Municipalidad de Monte","article_publisher":"https:\/\/www.facebook.com\/cultura.enriqueuzal\/","article_published_time":"2023-10-26T17:02:06+00:00","article_modified_time":"2023-10-26T17:03:21+00:00","og_image":[{"width":1335,"height":1600,"url":"https:\/\/monte.gob.ar\/cultura\/wp-content\/uploads\/2023\/10\/395289363_721223786701362_1081136084421152724_n.jpg","type":"image\/jpeg"}],"author":"cultura","twitter_card":"summary_large_image","twitter_misc":{"Escrito por":"cultura","Tiempo de lectura":"2 minutos"},"schema":{"@context":"https:\/\/schema.org","@graph":[{"@type":"WebPage","@id":"https:\/\/monte.gob.ar\/cultura\/continua-la-temporada-teatral-con-entre-tangos-y-autores\/","url":"https:\/\/monte.gob.ar\/cultura\/continua-la-temporada-teatral-con-entre-tangos-y-autores\/","name":"Contin\u00faa la temporada teatral con \"Entre Tangos y Autores\" - Cultura.monte | Municipalidad de Monte","isPartOf":{"@id":"https:\/\/monte.gob.ar\/cultura\/#website"},"datePublished":"2023-10-26T17:02:06+00:00","dateModified":"2023-10-26T17:03:21+00:00","author":{"@id":"https:\/\/monte.gob.ar\/cultura\/#\/schema\/person\/6177b51bc84c496bee5c32f372c9b1c3"},"description":"\ud83d\udc83 Llega \"Entre Tangos y Autores\"; un compendio de valses, milongas y tangos, repasando la biograf\u00eda de autores como Homero Manzi, Enrique Cad\u00edcamo, Enrique Santos Disc\u00e9polo hasta llegar a Astor Piazzolla y Eladia Bl\u00e1zquez. De la mano de Lili Giandon y Alberto Lara.","breadcrumb":{"@id":"https:\/\/monte.gob.ar\/cultura\/continua-la-temporada-teatral-con-entre-tangos-y-autores\/#breadcrumb"},"inLanguage":"es","potentialAction":[{"@type":"ReadAction","target":["https:\/\/monte.gob.ar\/cultura\/continua-la-temporada-teatral-con-entre-tangos-y-autores\/"]}]},{"@type":"BreadcrumbList","@id":"https:\/\/monte.gob.ar\/cultura\/continua-la-temporada-teatral-con-entre-tangos-y-autores\/#breadcrumb","itemListElement":[{"@type":"ListItem","position":1,"name":"Portada","item":"https:\/\/monte.gob.ar\/cultura\/"},{"@type":"ListItem","position":2,"name":"Contin\u00faa la temporada teatral con \u00abEntre Tangos y Autores\u00bb"}]},{"@type":"WebSite","@id":"https:\/\/monte.gob.ar\/cultura\/#website","url":"https:\/\/monte.gob.ar\/cultura\/","name":"Cultura.monte | Municipalidad de Monte","description":"Direcci\u00f3n de Cultura de la Municipalidad de Monte","potentialAction":[{"@type":"SearchAction","target":{"@type":"EntryPoint","urlTemplate":"https:\/\/monte.gob.ar\/cultura\/?s={search_term_string}"},"query-input":"required name=search_term_string"}],"inLanguage":"es"},{"@type":"Person","@id":"https:\/\/monte.gob.ar\/cultura\/#\/schema\/person\/6177b51bc84c496bee5c32f372c9b1c3","name":"cultura","image":{"@type":"ImageObject","inLanguage":"es","@id":"https:\/\/monte.gob.ar\/cultura\/#\/schema\/person\/image\/","url":"https:\/\/secure.gravatar.com\/avatar\/a416b73acd62d157acc0bab042602ad2?s=96&d=mm&r=g","contentUrl":"https:\/\/secure.gravatar.com\/avatar\/a416b73acd62d157acc0bab042602ad2?s=96&d=mm&r=g","caption":"cultura"},"sameAs":["https:\/\/monte.gob.ar\/cultura"],"url":"https:\/\/monte.gob.ar\/cultura\/author\/cultura\/"}]}},"_links":{"self":[{"href":"https:\/\/monte.gob.ar\/cultura\/api\/wp\/v2\/posts\/26309"}],"collection":[{"href":"https:\/\/monte.gob.ar\/cultura\/api\/wp\/v2\/posts"}],"about":[{"href":"https:\/\/monte.gob.ar\/cultura\/api\/wp\/v2\/types\/post"}],"author":[{"embeddable":true,"href":"https:\/\/monte.gob.ar\/cultura\/api\/wp\/v2\/users\/1"}],"replies":[{"embeddable":true,"href":"https:\/\/monte.gob.ar\/cultura\/api\/wp\/v2\/comments?post=26309"}],"version-history":[{"count":3,"href":"https:\/\/monte.gob.ar\/cultura\/api\/wp\/v2\/posts\/26309\/revisions"}],"predecessor-version":[{"id":26314,"href":"https:\/\/monte.gob.ar\/cultura\/api\/wp\/v2\/posts\/26309\/revisions\/26314"}],"wp:featuredmedia":[{"embeddable":true,"href":"https:\/\/monte.gob.ar\/cultura\/api\/wp\/v2\/media\/26311"}],"wp:attachment":[{"href":"https:\/\/monte.gob.ar\/cultura\/api\/wp\/v2\/media?parent=26309"}],"wp:term":[{"taxonomy":"category","embeddable":true,"href":"https:\/\/monte.gob.ar\/cultura\/api\/wp\/v2\/categories?post=26309"},{"taxonomy":"post_tag","embeddable":true,"href":"https:\/\/monte.gob.ar\/cultura\/api\/wp\/v2\/tags?post=26309"}],"curies":[{"name":"wp","href":"https:\/\/api.w.org\/{rel}","templated":true}]}}