{"id":25946,"date":"2022-07-29T17:26:33","date_gmt":"2022-07-29T20:26:33","guid":{"rendered":"http:\/\/monte.gob.ar\/cultura\/?p=25946"},"modified":"2022-08-01T19:16:01","modified_gmt":"2022-08-01T22:16:01","slug":"dia-de-la-cultura-nacional","status":"publish","type":"post","link":"https:\/\/monte.gob.ar\/cultura\/dia-de-la-cultura-nacional\/","title":{"rendered":"D\u00eda de la Cultura Nacional"},"content":{"rendered":"\t\t<div data-elementor-type=\"wp-post\" data-elementor-id=\"25946\" class=\"elementor elementor-25946\" data-elementor-settings=\"[]\">\n\t\t\t<div class=\"elementor-inner\">\n\t\t\t\t<div class=\"elementor-section-wrap\">\n\t\t\t\t\t\t\t<section class=\"elementor-element elementor-element-4419f96 elementor-section-boxed elementor-section-gap-beside-yes elementor-section-height-default elementor-section-height-default elementor-section-column-vertical-align-stretch elementor-section elementor-top-section\" data-id=\"4419f96\" data-element_type=\"section\">\n\t\t\t\t\t\t<div class=\"elementor-container elementor-column-gap-extended\">\n\t\t\t\t<div class=\"elementor-row\">\n\t\t\t\t<div class=\"elementor-element elementor-element-3c61a01 elementor-column elementor-col-100 elementor-top-column\" data-id=\"3c61a01\" data-element_type=\"column\">\n\t\t\t<div class=\"elementor-column-wrap  elementor-element-populated\">\n\t\t\t\t\t<div class=\"elementor-widget-wrap\">\n\t\t\t\t<div class=\"elementor-element elementor-element-32f79e9 elementor-accordion-style-01 elementor-widget elementor-widget-accordion\" data-id=\"32f79e9\" data-element_type=\"widget\" data-widget_type=\"accordion.default\">\n\t\t\t\t<div class=\"elementor-widget-container\">\n\t\t\t\t\t<div class=\"elementor-accordion\" role=\"tablist\">\n\t\t\t\t\t\t\t<div class=\"elementor-accordion-item\">\n\t\t\t\t\t<div id=\"elementor-tab-title-5341\" class=\"elementor-tab-title\" data-tab=\"1\" role=\"tab\" aria-controls=\"elementor-tab-content-5341\">\n\t\t\t\t\t\t\t\t\t\t\t\t\t<span class=\"elementor-accordion-icon elementor-accordion-icon-left\" aria-hidden=\"true\">\n\t\t\t\t\t\t\t\t\t\t\t\t\t\t\t<span class=\"elementor-accordion-icon-closed\"><i class=\"fal fa-plus\"><\/i><\/span>\n\t\t\t\t\t\t\t\t<span class=\"elementor-accordion-icon-opened\"><i class=\"fal fa-minus\"><\/i><\/span>\n\t\t\t\t\t\t\t\t\t\t\t\t\t\t<\/span>\n\t\t\t\t\t\t\t\t\t\t\t\t<a class=\"elementor-accordion-title\" href=\"\">29 DE JULIO - DIA DE LA CULTURA NACIONAL<\/a>\n\t\t\t\t\t<\/div>\n\t\t\t\t\t<div id=\"elementor-tab-content-5341\" class=\"elementor-tab-content elementor-clearfix\" data-tab=\"1\" role=\"tabpanel\" aria-labelledby=\"elementor-tab-title-5341\"><div class=\"cxmmr5t8 oygrvhab hcukyx3x c1et5uql o9v6fnle ii04i59q\"><div dir=\"auto\"><span class=\"pq6dq46d tbxw36s4 knj5qynh kvgmc6g5 ditlmg2l oygrvhab nvdbi5me sf5mxxl7 gl3lb2sf hhz5lgdu\"><img decoding=\"async\" loading=\"lazy\" src=\"https:\/\/static.xx.fbcdn.net\/images\/emoji.php\/v9\/taa\/1.5\/16\/1f449.png\" alt=\"\ud83d\udc49\" width=\"16\" height=\"16\" \/><\/span>En 1982, un decreto presidencial instituy\u00f3 el 29 de julio como el D\u00eda de la Cultura Nacional, en conmemoraci\u00f3n de la muerte del escritor, docente, pol\u00edtico e historiador Ricardo Rojas.<\/div><\/div><div class=\"cxmmr5t8 oygrvhab hcukyx3x c1et5uql o9v6fnle ii04i59q\"><div dir=\"auto\">\u00a0<\/div><div dir=\"auto\"><span class=\"pq6dq46d tbxw36s4 knj5qynh kvgmc6g5 ditlmg2l oygrvhab nvdbi5me sf5mxxl7 gl3lb2sf hhz5lgdu\"><img decoding=\"async\" loading=\"lazy\" src=\"https:\/\/static.xx.fbcdn.net\/images\/emoji.php\/v9\/tba\/1.5\/16\/2705.png\" alt=\"\u2705\" width=\"16\" height=\"16\" \/><\/span>Como legado, intervino en la recuperaci\u00f3n del Mart\u00edn Fierro para la literatura nacional, un libro considerado de baja categor\u00eda para su \u00e9poca, y desarroll\u00f3 la teor\u00eda \u201ceur\u00edndica\u201d, la cual propone la existencia de influencias ind\u00edgenas y europeas sobre la identidad argentina y el ser nacional.<\/div><\/div><div class=\"cxmmr5t8 oygrvhab hcukyx3x c1et5uql o9v6fnle ii04i59q\"><div dir=\"auto\">\u00a0<\/div><div dir=\"auto\"><span class=\"pq6dq46d tbxw36s4 knj5qynh kvgmc6g5 ditlmg2l oygrvhab nvdbi5me sf5mxxl7 gl3lb2sf hhz5lgdu\"><img decoding=\"async\" loading=\"lazy\" src=\"https:\/\/static.xx.fbcdn.net\/images\/emoji.php\/v9\/te1\/1.5\/16\/1f1e6_1f1f7.png\" alt=\"\ud83c\udde6\ud83c\uddf7\" width=\"16\" height=\"16\" \/><\/span>Rojas afirma que \u201cla argentinidad est\u00e1 constituida por un territorio, por un pueblo, por un estado, por un idioma, por un ideal que tiende cada d\u00eda a definirse mejor\u201d.<\/div><\/div><div class=\"cxmmr5t8 oygrvhab hcukyx3x c1et5uql o9v6fnle ii04i59q\"><div dir=\"auto\">\u00a0<\/div><div dir=\"auto\"><span class=\"pq6dq46d tbxw36s4 knj5qynh kvgmc6g5 ditlmg2l oygrvhab nvdbi5me sf5mxxl7 gl3lb2sf hhz5lgdu\"><img decoding=\"async\" loading=\"lazy\" src=\"https:\/\/static.xx.fbcdn.net\/images\/emoji.php\/v9\/t56\/1.5\/16\/1f64c.png\" alt=\"\ud83d\ude4c\" width=\"16\" height=\"16\" \/><\/span>Durante este d\u00eda vamos a compartir videos realizados por artistas locales entre mayo y julio del 2021 con diferentes expresiones musicales que conviven en nuestra cultura nacional.<\/div><\/div><div class=\"cxmmr5t8 oygrvhab hcukyx3x c1et5uql o9v6fnle ii04i59q\"><div dir=\"auto\">\u00a0<\/div><div dir=\"auto\"><a class=\"oajrlxb2 g5ia77u1 qu0x051f esr5mh6w e9989ue4 r7d6kgcz rq0escxv nhd2j8a9 nc684nl6 p7hjln8o kvgmc6g5 cxmmr5t8 oygrvhab hcukyx3x jb3vyjys rz4wbd8a qt6c0cv9 a8nywdso i1ao9s8h esuyzwwr f1sip0of lzcic4wl gpro0wi8 q66pz984 b1v8xokw\" tabindex=\"0\" role=\"link\" href=\"https:\/\/www.facebook.com\/hashtag\/estamosjuntos?__eep__=6&amp;__cft__[0]=AZUYGaCsnatG4YKHjpF94SK4iSI-oS09oPJ-b_go44sNuO_nMOXHBIPxD8YOHWonn7c7adzHhw0WBc07ukb_jz69ZbE-QcwC_cSm2rluYoHXX30y9Spez7pO_JHKl84xELX1IC8VfYyr92kUVaNxLOzF9aTVK7InYpdRmorITVP_x_AAB88bRTwRID24dEfXejE&amp;__tn__=*NK-R\">#EstamosJuntos<\/a><\/div><\/div><\/div>\n\t\t\t\t<\/div>\n\t\t\t\t\t<\/div>\n\t\t\t\t<\/div>\n\t\t\t\t<\/div>\n\t\t\t\t\t\t<\/div>\n\t\t\t<\/div>\n\t\t<\/div>\n\t\t\t\t\t\t<\/div>\n\t\t\t<\/div>\n\t\t<\/section>\n\t\t\t\t<section class=\"elementor-element elementor-element-a591975 elementor-section-boxed elementor-section-gap-beside-yes elementor-section-height-default elementor-section-height-default elementor-section-column-vertical-align-stretch elementor-section elementor-top-section\" data-id=\"a591975\" data-element_type=\"section\">\n\t\t\t\t\t\t<div class=\"elementor-container elementor-column-gap-extended\">\n\t\t\t\t<div class=\"elementor-row\">\n\t\t\t\t<div class=\"elementor-element elementor-element-5abadd4 elementor-column elementor-col-100 elementor-top-column\" data-id=\"5abadd4\" data-element_type=\"column\">\n\t\t\t<div class=\"elementor-column-wrap  elementor-element-populated\">\n\t\t\t\t\t<div class=\"elementor-widget-wrap\">\n\t\t\t\t<div class=\"elementor-element elementor-element-5fac783 elementor-widget elementor-widget-spacer\" data-id=\"5fac783\" data-element_type=\"widget\" data-widget_type=\"spacer.default\">\n\t\t\t\t<div class=\"elementor-widget-container\">\n\t\t\t\t\t<div class=\"elementor-spacer\">\n\t\t\t<div class=\"elementor-spacer-inner\"><\/div>\n\t\t<\/div>\n\t\t\t\t<\/div>\n\t\t\t\t<\/div>\n\t\t\t\t<div class=\"elementor-element elementor-element-1b8253c elementor-aspect-ratio-169 elementor-widget elementor-widget-video\" data-id=\"1b8253c\" data-element_type=\"widget\" data-settings=\"{&quot;aspect_ratio&quot;:&quot;169&quot;}\" data-widget_type=\"video.default\">\n\t\t\t\t<div class=\"elementor-widget-container\">\n\t\t\t\t\t<div class=\"elementor-wrapper elementor-fit-aspect-ratio elementor-open-inline\">\n\t\t\t<iframe class=\"elementor-video-iframe\" allowfullscreen title=\"Reproductor de v\u00eddeo youtube\" src=\"https:\/\/www.youtube.com\/embed\/uSiCmArlsMQ?feature=oembed&amp;start&amp;end&amp;wmode=opaque&amp;loop=0&amp;controls=1&amp;mute=0&amp;rel=0&amp;modestbranding=0\"><\/iframe>\t\t<\/div>\n\t\t\t\t<\/div>\n\t\t\t\t<\/div>\n\t\t\t\t\t\t<\/div>\n\t\t\t<\/div>\n\t\t<\/div>\n\t\t\t\t\t\t<\/div>\n\t\t\t<\/div>\n\t\t<\/section>\n\t\t\t\t<section class=\"elementor-element elementor-element-529c979 elementor-section-boxed elementor-section-gap-beside-yes elementor-section-height-default elementor-section-height-default elementor-section-column-vertical-align-stretch elementor-section elementor-top-section\" data-id=\"529c979\" data-element_type=\"section\">\n\t\t\t\t\t\t<div class=\"elementor-container elementor-column-gap-extended\">\n\t\t\t\t<div class=\"elementor-row\">\n\t\t\t\t<div class=\"elementor-element elementor-element-40cb76a elementor-column elementor-col-100 elementor-top-column\" data-id=\"40cb76a\" data-element_type=\"column\">\n\t\t\t<div class=\"elementor-column-wrap  elementor-element-populated\">\n\t\t\t\t\t<div class=\"elementor-widget-wrap\">\n\t\t\t\t<div class=\"elementor-element elementor-element-8c7d957 elementor-widget elementor-widget-spacer\" data-id=\"8c7d957\" data-element_type=\"widget\" data-widget_type=\"spacer.default\">\n\t\t\t\t<div class=\"elementor-widget-container\">\n\t\t\t\t\t<div class=\"elementor-spacer\">\n\t\t\t<div class=\"elementor-spacer-inner\"><\/div>\n\t\t<\/div>\n\t\t\t\t<\/div>\n\t\t\t\t<\/div>\n\t\t\t\t<div class=\"elementor-element elementor-element-78a6b15 elementor-accordion-style-01 elementor-widget elementor-widget-accordion\" data-id=\"78a6b15\" data-element_type=\"widget\" data-widget_type=\"accordion.default\">\n\t\t\t\t<div class=\"elementor-widget-container\">\n\t\t\t\t\t<div class=\"elementor-accordion\" role=\"tablist\">\n\t\t\t\t\t\t\t<div class=\"elementor-accordion-item\">\n\t\t\t\t\t<div id=\"elementor-tab-title-1261\" class=\"elementor-tab-title\" data-tab=\"1\" role=\"tab\" aria-controls=\"elementor-tab-content-1261\">\n\t\t\t\t\t\t\t\t\t\t\t\t\t<span class=\"elementor-accordion-icon elementor-accordion-icon-left\" aria-hidden=\"true\">\n\t\t\t\t\t\t\t\t\t\t\t\t\t\t\t<span class=\"elementor-accordion-icon-closed\"><i class=\"fal fa-plus\"><\/i><\/span>\n\t\t\t\t\t\t\t\t<span class=\"elementor-accordion-icon-opened\"><i class=\"fal fa-minus\"><\/i><\/span>\n\t\t\t\t\t\t\t\t\t\t\t\t\t\t<\/span>\n\t\t\t\t\t\t\t\t\t\t\t\t<a class=\"elementor-accordion-title\" href=\"\">29 DE JULIO - DIA DE LA CULTURA NACIONAL<\/a>\n\t\t\t\t\t<\/div>\n\t\t\t\t\t<div id=\"elementor-tab-content-1261\" class=\"elementor-tab-content elementor-clearfix\" data-tab=\"1\" role=\"tabpanel\" aria-labelledby=\"elementor-tab-title-1261\"><div class=\"cxmmr5t8 oygrvhab hcukyx3x c1et5uql o9v6fnle ii04i59q\"><div dir=\"auto\"><span class=\"pq6dq46d tbxw36s4 knj5qynh kvgmc6g5 ditlmg2l oygrvhab nvdbi5me sf5mxxl7 gl3lb2sf hhz5lgdu\"><img decoding=\"async\" loading=\"lazy\" src=\"https:\/\/static.xx.fbcdn.net\/images\/emoji.php\/v9\/tf3\/1.5\/16\/2764.png\" alt=\"\u2764\ufe0f\" width=\"16\" height=\"16\" \/><\/span>\u00a1Por \u00faltimo, los artistas montenses de trap Arche, Mirro TC, Kabe, Wally y Trashy nos dejaron sus canciones!<\/div><\/div><div class=\"cxmmr5t8 oygrvhab hcukyx3x c1et5uql o9v6fnle ii04i59q\">\u00a0<\/div><\/div>\n\t\t\t\t<\/div>\n\t\t\t\t\t<\/div>\n\t\t\t\t<\/div>\n\t\t\t\t<\/div>\n\t\t\t\t\t\t<\/div>\n\t\t\t<\/div>\n\t\t<\/div>\n\t\t\t\t\t\t<\/div>\n\t\t\t<\/div>\n\t\t<\/section>\n\t\t\t\t<section class=\"elementor-element elementor-element-ab3bad6 elementor-section-boxed elementor-section-gap-beside-yes elementor-section-height-default elementor-section-height-default elementor-section-column-vertical-align-stretch elementor-section elementor-top-section\" data-id=\"ab3bad6\" data-element_type=\"section\">\n\t\t\t\t\t\t<div class=\"elementor-container elementor-column-gap-extended\">\n\t\t\t\t<div class=\"elementor-row\">\n\t\t\t\t<div class=\"elementor-element elementor-element-8cacea0 elementor-column elementor-col-100 elementor-top-column\" data-id=\"8cacea0\" data-element_type=\"column\">\n\t\t\t<div class=\"elementor-column-wrap  elementor-element-populated\">\n\t\t\t\t\t<div class=\"elementor-widget-wrap\">\n\t\t\t\t<div class=\"elementor-element elementor-element-ed2f7bc elementor-aspect-ratio-169 elementor-widget elementor-widget-video\" data-id=\"ed2f7bc\" data-element_type=\"widget\" data-settings=\"{&quot;aspect_ratio&quot;:&quot;169&quot;}\" data-widget_type=\"video.default\">\n\t\t\t\t<div class=\"elementor-widget-container\">\n\t\t\t\t\t<div class=\"elementor-wrapper elementor-fit-aspect-ratio elementor-open-inline\">\n\t\t\t<iframe class=\"elementor-video-iframe\" allowfullscreen title=\"Reproductor de v\u00eddeo youtube\" src=\"https:\/\/www.youtube.com\/embed\/Bm6WUZvZmEs?feature=oembed&amp;start&amp;end&amp;wmode=opaque&amp;loop=0&amp;controls=1&amp;mute=0&amp;rel=0&amp;modestbranding=0\"><\/iframe>\t\t<\/div>\n\t\t\t\t<\/div>\n\t\t\t\t<\/div>\n\t\t\t\t\t\t<\/div>\n\t\t\t<\/div>\n\t\t<\/div>\n\t\t\t\t\t\t<\/div>\n\t\t\t<\/div>\n\t\t<\/section>\n\t\t\t\t<section class=\"elementor-element elementor-element-1d7a264 elementor-section-boxed elementor-section-gap-beside-yes elementor-section-height-default elementor-section-height-default elementor-section-column-vertical-align-stretch elementor-section elementor-top-section\" data-id=\"1d7a264\" data-element_type=\"section\">\n\t\t\t\t\t\t<div class=\"elementor-container elementor-column-gap-extended\">\n\t\t\t\t<div class=\"elementor-row\">\n\t\t\t\t<div class=\"elementor-element elementor-element-e97b293 elementor-column elementor-col-100 elementor-top-column\" data-id=\"e97b293\" data-element_type=\"column\">\n\t\t\t<div class=\"elementor-column-wrap  elementor-element-populated\">\n\t\t\t\t\t<div class=\"elementor-widget-wrap\">\n\t\t\t\t<div class=\"elementor-element elementor-element-32838e5 elementor-widget elementor-widget-spacer\" data-id=\"32838e5\" data-element_type=\"widget\" data-widget_type=\"spacer.default\">\n\t\t\t\t<div class=\"elementor-widget-container\">\n\t\t\t\t\t<div class=\"elementor-spacer\">\n\t\t\t<div class=\"elementor-spacer-inner\"><\/div>\n\t\t<\/div>\n\t\t\t\t<\/div>\n\t\t\t\t<\/div>\n\t\t\t\t<div class=\"elementor-element elementor-element-1b989a3 elementor-accordion-style-01 elementor-widget elementor-widget-accordion\" data-id=\"1b989a3\" data-element_type=\"widget\" data-widget_type=\"accordion.default\">\n\t\t\t\t<div class=\"elementor-widget-container\">\n\t\t\t\t\t<div class=\"elementor-accordion\" role=\"tablist\">\n\t\t\t\t\t\t\t<div class=\"elementor-accordion-item\">\n\t\t\t\t\t<div id=\"elementor-tab-title-2891\" class=\"elementor-tab-title\" data-tab=\"1\" role=\"tab\" aria-controls=\"elementor-tab-content-2891\">\n\t\t\t\t\t\t\t\t\t\t\t\t\t<span class=\"elementor-accordion-icon elementor-accordion-icon-left\" aria-hidden=\"true\">\n\t\t\t\t\t\t\t\t\t\t\t\t\t\t\t<span class=\"elementor-accordion-icon-closed\"><i class=\"fal fa-plus\"><\/i><\/span>\n\t\t\t\t\t\t\t\t<span class=\"elementor-accordion-icon-opened\"><i class=\"fal fa-minus\"><\/i><\/span>\n\t\t\t\t\t\t\t\t\t\t\t\t\t\t<\/span>\n\t\t\t\t\t\t\t\t\t\t\t\t<a class=\"elementor-accordion-title\" href=\"\">29 DE JULIO - DIA DE LA CULTURA NACIONAL<\/a>\n\t\t\t\t\t<\/div>\n\t\t\t\t\t<div id=\"elementor-tab-content-2891\" class=\"elementor-tab-content elementor-clearfix\" data-tab=\"1\" role=\"tabpanel\" aria-labelledby=\"elementor-tab-title-2891\"><div class=\"cxmmr5t8 oygrvhab hcukyx3x c1et5uql o9v6fnle ii04i59q\"><div dir=\"auto\"><span class=\"pq6dq46d tbxw36s4 knj5qynh kvgmc6g5 ditlmg2l oygrvhab nvdbi5me sf5mxxl7 gl3lb2sf hhz5lgdu\"><img decoding=\"async\" loading=\"lazy\" src=\"https:\/\/static.xx.fbcdn.net\/images\/emoji.php\/v9\/tf3\/1.5\/16\/2764.png\" alt=\"\u2764\ufe0f\" width=\"16\" height=\"16\" \/><\/span>Te dejamos un video con varias canciones realizadas por Lettieri y los Bonavena junto a Cristina Ibarra y Lia Espil como artistas invitadas.<\/div><\/div><\/div>\n\t\t\t\t<\/div>\n\t\t\t\t\t<\/div>\n\t\t\t\t<\/div>\n\t\t\t\t<\/div>\n\t\t\t\t\t\t<\/div>\n\t\t\t<\/div>\n\t\t<\/div>\n\t\t\t\t\t\t<\/div>\n\t\t\t<\/div>\n\t\t<\/section>\n\t\t\t\t<section class=\"elementor-element elementor-element-4b60bcc elementor-section-boxed elementor-section-gap-beside-yes elementor-section-height-default elementor-section-height-default elementor-section-column-vertical-align-stretch elementor-section elementor-top-section\" data-id=\"4b60bcc\" data-element_type=\"section\">\n\t\t\t\t\t\t<div class=\"elementor-container elementor-column-gap-extended\">\n\t\t\t\t<div class=\"elementor-row\">\n\t\t\t\t<div class=\"elementor-element elementor-element-4d90bb0 elementor-column elementor-col-100 elementor-top-column\" data-id=\"4d90bb0\" data-element_type=\"column\">\n\t\t\t<div class=\"elementor-column-wrap  elementor-element-populated\">\n\t\t\t\t\t<div class=\"elementor-widget-wrap\">\n\t\t\t\t<div class=\"elementor-element elementor-element-f2b7928 elementor-aspect-ratio-169 elementor-widget elementor-widget-video\" data-id=\"f2b7928\" data-element_type=\"widget\" data-settings=\"{&quot;aspect_ratio&quot;:&quot;169&quot;}\" data-widget_type=\"video.default\">\n\t\t\t\t<div class=\"elementor-widget-container\">\n\t\t\t\t\t<div class=\"elementor-wrapper elementor-fit-aspect-ratio elementor-open-inline\">\n\t\t\t<iframe class=\"elementor-video-iframe\" allowfullscreen title=\"Reproductor de v\u00eddeo youtube\" src=\"https:\/\/www.youtube.com\/embed\/5zNj-KhOY4U?feature=oembed&amp;start&amp;end&amp;wmode=opaque&amp;loop=0&amp;controls=1&amp;mute=0&amp;rel=0&amp;modestbranding=0\"><\/iframe>\t\t<\/div>\n\t\t\t\t<\/div>\n\t\t\t\t<\/div>\n\t\t\t\t\t\t<\/div>\n\t\t\t<\/div>\n\t\t<\/div>\n\t\t\t\t\t\t<\/div>\n\t\t\t<\/div>\n\t\t<\/section>\n\t\t\t\t\t\t<\/div>\n\t\t\t<\/div>\n\t\t<\/div>\n\t\t","protected":false},"excerpt":{"rendered":"<p>29 DE JULIO &#8211; DIA DE LA CULTURA NACIONAL En 1982, un decreto presidencial instituy\u00f3 el 29 de julio como el D\u00eda de la Cultura Nacional, en conmemoraci\u00f3n de la muerte del escritor, docente, pol\u00edtico e historiador Ricardo Rojas.\u00a0Como legado, intervino en la recuperaci\u00f3n del Mart\u00edn Fierro para la literatura nacional, un libro considerado de baja categor\u00eda para su \u00e9poca, y desarroll\u00f3 la teor\u00eda \u201ceur\u00edndica\u201d, la cual propone la existencia de influencias ind\u00edgenas y europeas sobre la identidad argentina y el ser nacional.\u00a0Rojas afirma que \u201cla argentinidad est\u00e1 constituida por un territorio, por un pueblo, por un estado, por un idioma, por un ideal que tiende cada d\u00eda a definirse mejor\u201d.\u00a0Durante este d\u00eda vamos a compartir videos realizados por artistas locales entre mayo y julio del 2021 con diferentes expresiones musicales que conviven en nuestra cultura nacional.\u00a0#EstamosJuntos 29 DE JULIO &#8211; DIA DE LA CULTURA NACIONAL \u00a1Por \u00faltimo, los artistas montenses de trap Arche, Mirro TC, Kabe, Wally y Trashy nos dejaron sus canciones!\u00a0 29 DE JULIO &#8211; DIA DE LA CULTURA NACIONAL Te dejamos un video con varias canciones realizadas por Lettieri y los Bonavena junto a Cristina Ibarra y Lia Espil como artistas invitadas.<\/p>\n","protected":false},"author":1,"featured_media":25947,"comment_status":"open","ping_status":"open","sticky":false,"template":"","format":"standard","meta":[],"categories":[123],"tags":[],"yoast_head":"<!-- This site is optimized with the Yoast SEO Premium plugin v19.6 (Yoast SEO v20.4) - https:\/\/yoast.com\/wordpress\/plugins\/seo\/ -->\n<title>D\u00eda de la Cultura Nacional - Cultura.monte | Municipalidad de Monte<\/title>\n<meta name=\"description\" content=\"\ud83d\ude4cDurante este d\u00eda vamos a compartir videos realizados por artistas locales entre mayo y julio del 2021 con diferentes expresiones musicales que conviven en nuestra cultura nacional.\" \/>\n<meta name=\"robots\" content=\"index, follow, max-snippet:-1, max-image-preview:large, max-video-preview:-1\" \/>\n<link rel=\"canonical\" href=\"http:\/\/monte.gob.ar\/cultura\/dia-de-la-cultura-nacional\/\" \/>\n<meta property=\"og:locale\" content=\"es_ES\" \/>\n<meta property=\"og:type\" content=\"article\" \/>\n<meta property=\"og:title\" content=\"D\u00eda de la Cultura Nacional\" \/>\n<meta property=\"og:description\" content=\"\ud83d\ude4cDurante este d\u00eda vamos a compartir videos realizados por artistas locales entre mayo y julio del 2021 con diferentes expresiones musicales que conviven en nuestra cultura nacional.\" \/>\n<meta property=\"og:url\" content=\"http:\/\/monte.gob.ar\/cultura\/dia-de-la-cultura-nacional\/\" \/>\n<meta property=\"og:site_name\" content=\"Cultura.monte | Municipalidad de Monte\" \/>\n<meta property=\"article:publisher\" content=\"https:\/\/www.facebook.com\/cultura.enriqueuzal\/\" \/>\n<meta property=\"article:published_time\" content=\"2022-07-29T20:26:33+00:00\" \/>\n<meta property=\"article:modified_time\" content=\"2022-08-01T22:16:01+00:00\" \/>\n<meta property=\"og:image\" content=\"http:\/\/monte.gob.ar\/cultura\/wp-content\/uploads\/2022\/07\/Sin-titulo.jpg\" \/>\n\t<meta property=\"og:image:width\" content=\"1150\" \/>\n\t<meta property=\"og:image:height\" content=\"798\" \/>\n\t<meta property=\"og:image:type\" content=\"image\/jpeg\" \/>\n<meta name=\"author\" content=\"cultura\" \/>\n<meta name=\"twitter:card\" content=\"summary_large_image\" \/>\n<meta name=\"twitter:label1\" content=\"Escrito por\" \/>\n\t<meta name=\"twitter:data1\" content=\"cultura\" \/>\n\t<meta name=\"twitter:label2\" content=\"Tiempo de lectura\" \/>\n\t<meta name=\"twitter:data2\" content=\"3 minutos\" \/>\n<script type=\"application\/ld+json\" class=\"yoast-schema-graph\">{\"@context\":\"https:\/\/schema.org\",\"@graph\":[{\"@type\":\"WebPage\",\"@id\":\"http:\/\/monte.gob.ar\/cultura\/dia-de-la-cultura-nacional\/\",\"url\":\"http:\/\/monte.gob.ar\/cultura\/dia-de-la-cultura-nacional\/\",\"name\":\"D\u00eda de la Cultura Nacional - Cultura.monte | Municipalidad de Monte\",\"isPartOf\":{\"@id\":\"https:\/\/monte.gob.ar\/cultura\/#website\"},\"datePublished\":\"2022-07-29T20:26:33+00:00\",\"dateModified\":\"2022-08-01T22:16:01+00:00\",\"author\":{\"@id\":\"https:\/\/monte.gob.ar\/cultura\/#\/schema\/person\/6177b51bc84c496bee5c32f372c9b1c3\"},\"description\":\"\ud83d\ude4cDurante este d\u00eda vamos a compartir videos realizados por artistas locales entre mayo y julio del 2021 con diferentes expresiones musicales que conviven en nuestra cultura nacional.\",\"breadcrumb\":{\"@id\":\"http:\/\/monte.gob.ar\/cultura\/dia-de-la-cultura-nacional\/#breadcrumb\"},\"inLanguage\":\"es\",\"potentialAction\":[{\"@type\":\"ReadAction\",\"target\":[\"http:\/\/monte.gob.ar\/cultura\/dia-de-la-cultura-nacional\/\"]}]},{\"@type\":\"BreadcrumbList\",\"@id\":\"http:\/\/monte.gob.ar\/cultura\/dia-de-la-cultura-nacional\/#breadcrumb\",\"itemListElement\":[{\"@type\":\"ListItem\",\"position\":1,\"name\":\"Portada\",\"item\":\"https:\/\/monte.gob.ar\/cultura\/\"},{\"@type\":\"ListItem\",\"position\":2,\"name\":\"D\u00eda de la Cultura Nacional\"}]},{\"@type\":\"WebSite\",\"@id\":\"https:\/\/monte.gob.ar\/cultura\/#website\",\"url\":\"https:\/\/monte.gob.ar\/cultura\/\",\"name\":\"Cultura.monte | Municipalidad de Monte\",\"description\":\"Direcci\u00f3n de Cultura de la Municipalidad de Monte\",\"potentialAction\":[{\"@type\":\"SearchAction\",\"target\":{\"@type\":\"EntryPoint\",\"urlTemplate\":\"https:\/\/monte.gob.ar\/cultura\/?s={search_term_string}\"},\"query-input\":\"required name=search_term_string\"}],\"inLanguage\":\"es\"},{\"@type\":\"Person\",\"@id\":\"https:\/\/monte.gob.ar\/cultura\/#\/schema\/person\/6177b51bc84c496bee5c32f372c9b1c3\",\"name\":\"cultura\",\"image\":{\"@type\":\"ImageObject\",\"inLanguage\":\"es\",\"@id\":\"https:\/\/monte.gob.ar\/cultura\/#\/schema\/person\/image\/\",\"url\":\"https:\/\/secure.gravatar.com\/avatar\/a416b73acd62d157acc0bab042602ad2?s=96&d=mm&r=g\",\"contentUrl\":\"https:\/\/secure.gravatar.com\/avatar\/a416b73acd62d157acc0bab042602ad2?s=96&d=mm&r=g\",\"caption\":\"cultura\"},\"sameAs\":[\"https:\/\/monte.gob.ar\/cultura\"],\"url\":\"https:\/\/monte.gob.ar\/cultura\/author\/cultura\/\"}]}<\/script>\n<!-- \/ Yoast SEO Premium plugin. -->","yoast_head_json":{"title":"D\u00eda de la Cultura Nacional - Cultura.monte | Municipalidad de Monte","description":"\ud83d\ude4cDurante este d\u00eda vamos a compartir videos realizados por artistas locales entre mayo y julio del 2021 con diferentes expresiones musicales que conviven en nuestra cultura nacional.","robots":{"index":"index","follow":"follow","max-snippet":"max-snippet:-1","max-image-preview":"max-image-preview:large","max-video-preview":"max-video-preview:-1"},"canonical":"http:\/\/monte.gob.ar\/cultura\/dia-de-la-cultura-nacional\/","og_locale":"es_ES","og_type":"article","og_title":"D\u00eda de la Cultura Nacional","og_description":"\ud83d\ude4cDurante este d\u00eda vamos a compartir videos realizados por artistas locales entre mayo y julio del 2021 con diferentes expresiones musicales que conviven en nuestra cultura nacional.","og_url":"http:\/\/monte.gob.ar\/cultura\/dia-de-la-cultura-nacional\/","og_site_name":"Cultura.monte | Municipalidad de Monte","article_publisher":"https:\/\/www.facebook.com\/cultura.enriqueuzal\/","article_published_time":"2022-07-29T20:26:33+00:00","article_modified_time":"2022-08-01T22:16:01+00:00","og_image":[{"width":1150,"height":798,"url":"http:\/\/monte.gob.ar\/cultura\/wp-content\/uploads\/2022\/07\/Sin-titulo.jpg","type":"image\/jpeg"}],"author":"cultura","twitter_card":"summary_large_image","twitter_misc":{"Escrito por":"cultura","Tiempo de lectura":"3 minutos"},"schema":{"@context":"https:\/\/schema.org","@graph":[{"@type":"WebPage","@id":"http:\/\/monte.gob.ar\/cultura\/dia-de-la-cultura-nacional\/","url":"http:\/\/monte.gob.ar\/cultura\/dia-de-la-cultura-nacional\/","name":"D\u00eda de la Cultura Nacional - Cultura.monte | Municipalidad de Monte","isPartOf":{"@id":"https:\/\/monte.gob.ar\/cultura\/#website"},"datePublished":"2022-07-29T20:26:33+00:00","dateModified":"2022-08-01T22:16:01+00:00","author":{"@id":"https:\/\/monte.gob.ar\/cultura\/#\/schema\/person\/6177b51bc84c496bee5c32f372c9b1c3"},"description":"\ud83d\ude4cDurante este d\u00eda vamos a compartir videos realizados por artistas locales entre mayo y julio del 2021 con diferentes expresiones musicales que conviven en nuestra cultura nacional.","breadcrumb":{"@id":"http:\/\/monte.gob.ar\/cultura\/dia-de-la-cultura-nacional\/#breadcrumb"},"inLanguage":"es","potentialAction":[{"@type":"ReadAction","target":["http:\/\/monte.gob.ar\/cultura\/dia-de-la-cultura-nacional\/"]}]},{"@type":"BreadcrumbList","@id":"http:\/\/monte.gob.ar\/cultura\/dia-de-la-cultura-nacional\/#breadcrumb","itemListElement":[{"@type":"ListItem","position":1,"name":"Portada","item":"https:\/\/monte.gob.ar\/cultura\/"},{"@type":"ListItem","position":2,"name":"D\u00eda de la Cultura Nacional"}]},{"@type":"WebSite","@id":"https:\/\/monte.gob.ar\/cultura\/#website","url":"https:\/\/monte.gob.ar\/cultura\/","name":"Cultura.monte | Municipalidad de Monte","description":"Direcci\u00f3n de Cultura de la Municipalidad de Monte","potentialAction":[{"@type":"SearchAction","target":{"@type":"EntryPoint","urlTemplate":"https:\/\/monte.gob.ar\/cultura\/?s={search_term_string}"},"query-input":"required name=search_term_string"}],"inLanguage":"es"},{"@type":"Person","@id":"https:\/\/monte.gob.ar\/cultura\/#\/schema\/person\/6177b51bc84c496bee5c32f372c9b1c3","name":"cultura","image":{"@type":"ImageObject","inLanguage":"es","@id":"https:\/\/monte.gob.ar\/cultura\/#\/schema\/person\/image\/","url":"https:\/\/secure.gravatar.com\/avatar\/a416b73acd62d157acc0bab042602ad2?s=96&d=mm&r=g","contentUrl":"https:\/\/secure.gravatar.com\/avatar\/a416b73acd62d157acc0bab042602ad2?s=96&d=mm&r=g","caption":"cultura"},"sameAs":["https:\/\/monte.gob.ar\/cultura"],"url":"https:\/\/monte.gob.ar\/cultura\/author\/cultura\/"}]}},"_links":{"self":[{"href":"https:\/\/monte.gob.ar\/cultura\/api\/wp\/v2\/posts\/25946"}],"collection":[{"href":"https:\/\/monte.gob.ar\/cultura\/api\/wp\/v2\/posts"}],"about":[{"href":"https:\/\/monte.gob.ar\/cultura\/api\/wp\/v2\/types\/post"}],"author":[{"embeddable":true,"href":"https:\/\/monte.gob.ar\/cultura\/api\/wp\/v2\/users\/1"}],"replies":[{"embeddable":true,"href":"https:\/\/monte.gob.ar\/cultura\/api\/wp\/v2\/comments?post=25946"}],"version-history":[{"count":6,"href":"https:\/\/monte.gob.ar\/cultura\/api\/wp\/v2\/posts\/25946\/revisions"}],"predecessor-version":[{"id":25955,"href":"https:\/\/monte.gob.ar\/cultura\/api\/wp\/v2\/posts\/25946\/revisions\/25955"}],"wp:featuredmedia":[{"embeddable":true,"href":"https:\/\/monte.gob.ar\/cultura\/api\/wp\/v2\/media\/25947"}],"wp:attachment":[{"href":"https:\/\/monte.gob.ar\/cultura\/api\/wp\/v2\/media?parent=25946"}],"wp:term":[{"taxonomy":"category","embeddable":true,"href":"https:\/\/monte.gob.ar\/cultura\/api\/wp\/v2\/categories?post=25946"},{"taxonomy":"post_tag","embeddable":true,"href":"https:\/\/monte.gob.ar\/cultura\/api\/wp\/v2\/tags?post=25946"}],"curies":[{"name":"wp","href":"https:\/\/api.w.org\/{rel}","templated":true}]}}